{"id":10966,"date":"2026-03-12T10:06:58","date_gmt":"2026-03-12T09:06:58","guid":{"rendered":"https:\/\/www.otuzilci-brno.cz\/?p=10966"},"modified":"2026-03-12T10:08:28","modified_gmt":"2026-03-12T09:08:28","slug":"ohlednuti-za-lednovym-mcr","status":"publish","type":"post","link":"https:\/\/www.otuzilci-brno.cz\/?p=10966","title":{"rendered":"Ohl\u00e9dnut\u00ed za lednov\u00fdm M\u010cR"},"content":{"rendered":"\n<p>Rozhovor s Michalem Moravcem, kter\u00fd vy\u0161el v jundrovsk\u00e9m zpravodaji: <a href=\"https:\/\/jundrov.brno.cz\/documents\/10626583\/0\/Jundrov-01-2026-web.pdf\/8b2130c1-4234-6c31-660d-4ed535a9d946\">Zpravodaj Jundrova 1\/2026<\/a><\/p>\n\n\n\n<figure class=\"wp-block-image size-full is-resized\"><a href=\"https:\/\/www.otuzilci-brno.cz\/wp-content\/uploads\/Rozhovor_MMoravec.jpg\"><img loading=\"lazy\" decoding=\"async\" width=\"531\" height=\"749\" src=\"https:\/\/www.otuzilci-brno.cz\/wp-content\/uploads\/Rozhovor_MMoravec.jpg\" alt=\"\" class=\"wp-image-10967\" style=\"width:630px;height:auto\" srcset=\"https:\/\/www.otuzilci-brno.cz\/wp-content\/uploads\/Rozhovor_MMoravec.jpg 531w, https:\/\/www.otuzilci-brno.cz\/wp-content\/uploads\/Rozhovor_MMoravec-213x300.jpg 213w, https:\/\/www.otuzilci-brno.cz\/wp-content\/uploads\/Rozhovor_MMoravec-106x150.jpg 106w\" sizes=\"auto, (max-width: 531px) 85vw, 531px\" \/><\/a><\/figure>\n","protected":false},"excerpt":{"rendered":"<p>Rozhovor s Michalem Moravcem, kter\u00fd vy\u0161el v jundrovsk\u00e9m zpravodaji: Zpravodaj Jundrova 1\/2026<\/p>\n","protected":false},"author":187,"featured_media":0,"comment_status":"closed","ping_status":"closed","sticky":false,"template":"","format":"standard","meta":{"ngg_post_thumbnail":0,"footnotes":""},"categories":[11],"tags":[],"class_list":["post-10966","post","type-post","status-publish","format-standard","hentry","category-z-tisku"],"_links":{"self":[{"href":"https:\/\/www.otuzilci-brno.cz\/index.php?rest_route=\/wp\/v2\/posts\/10966","targetHints":{"allow":["GET"]}}],"collection":[{"href":"https:\/\/www.otuzilci-brno.cz\/index.php?rest_route=\/wp\/v2\/posts"}],"about":[{"href":"https:\/\/www.otuzilci-brno.cz\/index.php?rest_route=\/wp\/v2\/types\/post"}],"author":[{"embeddable":true,"href":"https:\/\/www.otuzilci-brno.cz\/index.php?rest_route=\/wp\/v2\/users\/187"}],"replies":[{"embeddable":true,"href":"https:\/\/www.otuzilci-brno.cz\/index.php?rest_route=%2Fwp%2Fv2%2Fcomments&post=10966"}],"version-history":[{"count":2,"href":"https:\/\/www.otuzilci-brno.cz\/index.php?rest_route=\/wp\/v2\/posts\/10966\/revisions"}],"predecessor-version":[{"id":10969,"href":"https:\/\/www.otuzilci-brno.cz\/index.php?rest_route=\/wp\/v2\/posts\/10966\/revisions\/10969"}],"wp:attachment":[{"href":"https:\/\/www.otuzilci-brno.cz\/index.php?rest_route=%2Fwp%2Fv2%2Fmedia&parent=10966"}],"wp:term":[{"taxonomy":"category","embeddable":true,"href":"https:\/\/www.otuzilci-brno.cz\/index.php?rest_route=%2Fwp%2Fv2%2Fcategories&post=10966"},{"taxonomy":"post_tag","embeddable":true,"href":"https:\/\/www.otuzilci-brno.cz\/index.php?rest_route=%2Fwp%2Fv2%2Ftags&post=10966"}],"curies":[{"name":"wp","href":"https:\/\/api.w.org\/{rel}","templated":true}]}}