{"id":11118,"date":"2026-09-01T07:00:47","date_gmt":"2026-09-01T05:00:47","guid":{"rendered":"https:\/\/www.otuzilci-brno.cz\/?p=11118"},"modified":"2026-09-01T07:00:49","modified_gmt":"2026-09-01T05:00:49","slug":"mcr-racice-2026-deset-placek-brambory-ctvery","status":"publish","type":"post","link":"https:\/\/www.otuzilci-brno.cz\/?p=11118","title":{"rendered":"M\u010cR Ra\u010dice 2026: Deset placek, brambory \u010dtvery"},"content":{"rendered":"\n<p class=\"wp-block-paragraph\">Posledn\u00ed pr\u00e1zdninov\u00fd v\u00edkend m\u00ed\u0159\u00edme v\u017edy pod zamra\u010denou, ji\u017e podzimn\u00ed oblohu se siluetou hory \u0158\u00edp v d\u00e1li. Leto\u0161ek nebyl v\u00fdjimkou. Ve st\u00e1le ni\u017e\u0161\u00ed hladin\u011b vesla\u0159sk\u00e9ho kan\u00e1lu v Ra\u010dic\u00edch se na tra\u0165 5 kilometr\u016f postavilo dev\u011bt na\u0161ich borc\u016f a t\u0159i d\u011bv\u010data. <\/p>\n\n\n\n<!--more-->\n\n\n\n<p class=\"wp-block-paragraph\">O dva zlat\u00e9 z\u00e1pisy se postaraly na\u0161e dlouholet\u00e9 opory \u2013 Michal Slanina a Magda Okurkov\u00e1. Ladislav Stejskal a Ivona L\u00e1n\u00ed\u010dkov\u00e1 brali st\u0159\u00edbro a \u0160t\u011bp\u00e1n Cajzl, Ale\u0161 \u010ctvrtn\u00ed\u010dek a V\u00e1clava Bene\u0161ov\u00e1 bronz. Letos se poprv\u00e9 opravdu rozd\u00e1valy medaile i za kategorie, by\u0165 m\u011bly pr\u016fm\u011br jen o n\u011bco v\u011bt\u0161\u00ed ne\u017e pades\u00e1tikoruna. T\u011bch na\u0161ich medail\u00ed nakonec bylo sedm. Ale bonitn\u00ed jsou i t\u0159i \u010dtvrt\u00e1 m\u00edsta \u2013 Jaroslav Tu\u017e, Mojm\u00edr Jan\u010d\u00edk a Jan V\u00e1n\u011b, jedno p\u00e1t\u00e9 \u2013 Fany Zezula a jedno sedm\u00e9 \u2013 Jarom\u00edr Berounsk\u00fd. V\u0161echno se po\u010d\u00edt\u00e1 p\u0159i stanovov\u00e1n\u00ed dotac\u00ed a je dob\u0159e, \u017ee tato um\u00edst\u011bn\u00ed m\u00e1me. Nen\u00ed \u017e\u00e1dn\u00fdm tajemstv\u00edm, \u017ee Brno m\u00e1 v roce 2026 nar\u00e1z hned dv\u011b prvoligov\u00e1 fotbalov\u00e1 mu\u017estva. A v t\u011bch dota\u010dn\u00edch po\u010dtech to m\u016f\u017ee nad\u011blat po\u0159\u00e1dn\u00fd cirkus.<\/p>\n\n\n\n<p class=\"wp-block-paragraph\">P\u0159ed \u010dtvrtou hodinou jsme se vrhli na \u0161tafety. Karty byly rozdan\u00e9 pom\u011brn\u011b jasn\u011b a p\u0159ekvapen\u00ed se nekonalo. Mlad\u00e1 \u0161tafeta do 160 let ve slo\u017een\u00ed Magda Okurkov\u00e1, Anna Marie Bene\u0161ov\u00e1, \u0160t\u011bp\u00e1n Cajzl a Michal Slanina skon\u010dila podle o\u010dek\u00e1v\u00e1n\u00ed na t\u0159et\u00edm m\u00edst\u011b. Hned t\u0159i \u0161tafety jsme postavili do nejstar\u0161\u00ed kategorie 240+. Tady jsme hr\u00e1li jen o st\u0159\u00edbro, po\u0159adatel\u00e9 se namlsali lo\u0148sk\u00fdm prvenstv\u00edm a tak nad Bohemkou vedeme na tituly v t\u00e9to kategorii u\u017e jen 12:2. <\/p>\n\n\n\n<p class=\"wp-block-paragraph\">Na\u0161e sestavy:<br>2. m\u00edsto: Jaroslav Tu\u017e, Ivona L\u00e1n\u00ed\u010dkov\u00e1, Ladislav Stejskal, V\u00e1clava Bene\u0161ov\u00e1 <br>3. m\u00edsto: Jan V\u00e1n\u011b, Hana Mat\u00fd\u0161kov\u00e1, Jarmila Ma\u0161ov\u00e1, Mojm\u00edr Jan\u010d\u00edk <br>4. m\u00edsto: Jarom\u00edr Berounsk\u00fd, Franti\u0161ek Zezula, Jana Matu\u0161t\u00edkov\u00e1, Helena Pav\u00e9zkov\u00e1. <\/p>\n\n\n\n<p class=\"wp-block-paragraph\">Celkov\u00e1 bilance je tedy deset medail\u00ed a \u010dtvery \u201ebrambory\u201c. Ale jak jsem ji\u017e uvedl, ka\u017ed\u00fd brambor se letos obzvl\u00e1\u0161\u0165 po\u010d\u00edt\u00e1. A nen\u00ed v Brn\u011b moc kolektiv\u016f, kte\u0159\u00ed by m\u011bli v\u00edce ne\u017e t\u0159etinu \u010dlen\u016f medailisty na mistrovstv\u00ed republiky.<\/p>\n\n\n\n<p class=\"wp-block-paragraph\">Podstatn\u011b komorn\u011bj\u0161\u00ed sestava n\u00e1s zastupovala v ned\u011bli. Jarda Tu\u017e si p\u0159ipsal dal\u0161\u00ed \u00fasp\u011b\u0161nou des\u00edtku. A na\u0161e \u201emlad\u00e9 \u0161tiky\u201c dokonce zas\u00e1hly do mistrovstv\u00ed na dvacet kilometr\u016f. L\u00e9pe se vedlo Terezce Gaj\u00e1rkov\u00e9, skon\u010dila v \u010dase 6:01 (jo, to jsou hodiny a minuty) na 6. m\u00edst\u011b. V\u011brka Ferencov\u00e1 odm\u00edtla rady a bojovala i p\u0159es indispozici s vlastn\u00ed touhou, uplavat dvacet kilometr\u016f. Posledn\u00ed mezi\u010das m\u011bla na kilometru 17,5. Pozd\u011bji po\u0159adatel\u00e9 u jej\u00edho jm\u00e9na nahradili DSQ (diskvalifikace) mnohem p\u0159\u00edzniv\u011bj\u0161\u00edm hodnocen\u00edm OTL (Over time limit). V glob\u00e1le je to jedno. M\u00e1me p\u00e1t\u00e9ho odd\u00edlov\u00e9ho dvac\u00edtk\u00e1\u0159e (v\u00edc lid\u00ed m\u00e1 kupodivu La Manche), ale v\u010dera mohly za den p\u0159ib\u00fdt hned dv\u011b. Velk\u00e9 pod\u011bkov\u00e1n\u00ed t\u00e1tovi Terky Jo\u017ekovi, Davidovi od V\u011brky a Michalovi Vymazalovi za p\u00e9\u010di o na\u0161e z\u00e1vodnice. Z\u00edskali jsme mnoho nov\u00fdch poznatk\u016f.<\/p>\n\n\n\n<p class=\"wp-block-paragraph\">T\u011b\u0161\u00edme se na M\u011blice, Punkva za p\u011bt t\u00fddn\u016f, ach jo\u2026<\/p>\n\n\n\n<p class=\"wp-block-paragraph\">Petr<\/p>\n","protected":false},"excerpt":{"rendered":"<p>Posledn\u00ed pr\u00e1zdninov\u00fd v\u00edkend m\u00ed\u0159\u00edme v\u017edy pod zamra\u010denou, ji\u017e podzimn\u00ed oblohu se siluetou hory \u0158\u00edp v d\u00e1li. Leto\u0161ek nebyl v\u00fdjimkou. Ve st\u00e1le ni\u017e\u0161\u00ed hladin\u011b vesla\u0159sk\u00e9ho kan\u00e1lu v Ra\u010dic\u00edch se na tra\u0165 5 kilometr\u016f postavilo dev\u011bt na\u0161ich borc\u016f a t\u0159i d\u011bv\u010data.<\/p>\n","protected":false},"author":187,"featured_media":11119,"comment_status":"closed","ping_status":"closed","sticky":false,"template":"","format":"standard","meta":{"ngg_post_thumbnail":0,"footnotes":"","_members_access_role":[],"_members_access_error":""},"categories":[3],"tags":[],"class_list":["post-11118","post","type-post","status-publish","format-standard","has-post-thumbnail","hentry","category-zavody"],"_links":{"self":[{"href":"https:\/\/www.otuzilci-brno.cz\/index.php?rest_route=\/wp\/v2\/posts\/11118","targetHints":{"allow":["GET"]}}],"collection":[{"href":"https:\/\/www.otuzilci-brno.cz\/index.php?rest_route=\/wp\/v2\/posts"}],"about":[{"href":"https:\/\/www.otuzilci-brno.cz\/index.php?rest_route=\/wp\/v2\/types\/post"}],"author":[{"embeddable":true,"href":"https:\/\/www.otuzilci-brno.cz\/index.php?rest_route=\/wp\/v2\/users\/187"}],"replies":[{"embeddable":true,"href":"https:\/\/www.otuzilci-brno.cz\/index.php?rest_route=%2Fwp%2Fv2%2Fcomments&post=11118"}],"version-history":[{"count":1,"href":"https:\/\/www.otuzilci-brno.cz\/index.php?rest_route=\/wp\/v2\/posts\/11118\/revisions"}],"predecessor-version":[{"id":11120,"href":"https:\/\/www.otuzilci-brno.cz\/index.php?rest_route=\/wp\/v2\/posts\/11118\/revisions\/11120"}],"wp:featuredmedia":[{"embeddable":true,"href":"https:\/\/www.otuzilci-brno.cz\/index.php?rest_route=\/wp\/v2\/media\/11119"}],"wp:attachment":[{"href":"https:\/\/www.otuzilci-brno.cz\/index.php?rest_route=%2Fwp%2Fv2%2Fmedia&parent=11118"}],"wp:term":[{"taxonomy":"category","embeddable":true,"href":"https:\/\/www.otuzilci-brno.cz\/index.php?rest_route=%2Fwp%2Fv2%2Fcategories&post=11118"},{"taxonomy":"post_tag","embeddable":true,"href":"https:\/\/www.otuzilci-brno.cz\/index.php?rest_route=%2Fwp%2Fv2%2Ftags&post=11118"}],"curies":[{"name":"wp","href":"https:\/\/api.w.org\/{rel}","templated":true}]}}