{"id":1914,"date":"2015-02-10T11:31:48","date_gmt":"2015-02-10T10:31:48","guid":{"rendered":"http:\/\/www.otuzilci-brno.cz\/?p=1914"},"modified":"2015-02-10T11:31:48","modified_gmt":"2015-02-10T10:31:48","slug":"trinactidilna-domaci-medailova-sbirka","status":"publish","type":"post","link":"https:\/\/www.otuzilci-brno.cz\/?p=1914","title":{"rendered":"T\u0159in\u00e1ctid\u00edln\u00e1 dom\u00e1c\u00ed medailov\u00e1 sb\u00edrka"},"content":{"rendered":"<p>V sobotu n\u00e1m u Svratky asi nejv\u00edc chyb\u011bl koment\u00e1\u0159 V\u00edte\u010dka, asi by taky zvl\u00e1dl i n\u011bjakou medaili. Iva se ale \u010dinila, stejn\u011b tak jej\u00ed zlat\u00e1 maminka a st\u0159\u00edbr\u00fd tat\u00ednek.<br \/>\n<!--more--><\/p>\n<p>Jinak t\u011bch ztr\u00e1t moc nebylo, Hormonek prohr\u00e1l hodn\u011b zbyte\u010dn\u011b bronz ve fini\u0161i a taky sle\u010dna \u00c1gnes z Univky  sv\u00fdm odhl\u00e1\u0161en\u00edm darovala Pra\u017e\u00e1k\u016fm medaili. I tak jsme jich m\u011bli nakonec t\u0159in\u00e1ct. Pro na\u0161i budoucnost je daleko d\u016fle\u017eit\u011bj\u0161\u00ed, \u017ee m\u00e1 premi\u00e9rovou placku Rost\u00edk. Jde o to, aby se mu mezi n\u00e1mi l\u00edbilo. A to se, zd\u00e1 se, da\u0159\u00ed. Medaile nejsou zas tak moc d\u016fle\u017eit\u00e9, v\u00fdborn\u00e9 je, \u017ee jedni\u010dku t\u0159\u00eddu maj\u00ed po sobot\u011b Ri\u0161o, v\u00edde\u0148sk\u00fd Josef, Fany a taky Pavel. Dvojku si z\u00edskal Sta\u0148a, je\u0161t\u011b v \u00fater\u00fd o n\u011bm na svazu nikdo nev\u011bd\u011bl, nakonec ale u\u017e m\u00e1me jeho pr\u016fkazku a je\u0161t\u011b si sta\u010dil ud\u011blat prohl\u00eddku(!)<br \/>\nA super taky je, \u017ee zabojovali i v\u0161ichni ti, kte\u0159\u00ed na medaili na sv\u00e9 mistrovsk\u00e9 trati tentokr\u00e1t nedos\u00e1hli \u2013 Hormonek, Kub\u00e1\u0161ek, Pet\u0159\u00edk, Sva\u0165a, Jana, Mojm\u00edr, Jirka, Pj\u00f3tr  a dal\u0161\u00ed zat\u00edm m\u00e9n\u011b zn\u00e1m\u00ed \u010dlenov\u00e9 fides\u00e1ck\u00e9 sme\u010dky.<br \/>\n\u00da\u010dast 130 plavc\u016f jsme zvl\u00e1dli velmi dob\u0159e, sou\u010dasn\u011b ale v\u00edme, co se d\u00e1 p\u0159\u00ed\u0161t\u011b ud\u011blat je\u0161t\u011b l\u00edp.<br \/>\nVoln\u00fd v\u00edkend vyu\u017eijeme k tr\u00e9ninku, starty, v\u00fdjezdy, obr\u00e1tky, na Podol\u00ed to odehrajeme pokud mo\u017eno ve stejn\u00e9m duchu, jak jsme v \u201eBastru\u201c skon\u010dili.<br \/>\nPetr<\/p>\n<h4>\u00a9Foto:\u00a0Dalimil Marek<\/h4>\n<div class=\"flickr-justified-gallery-error\"><span style=\"color:red\">Flickr API error: <\/span><span class=\"flickr-justified-gallery-error-msg\">Invalid API Key (Key has invalid format)<\/span><\/div>\n<h4>\u00a9Foto:\u00a0Radom\u00edr Kure\u010dka<\/h4>\n<div class=\"flickr-justified-gallery-error\"><span style=\"color:red\">Flickr API error: <\/span><span class=\"flickr-justified-gallery-error-msg\">Invalid API Key (Key has invalid format)<\/span><\/div>\n","protected":false},"excerpt":{"rendered":"<p>V sobotu n\u00e1m u Svratky asi nejv\u00edc chyb\u011bl koment\u00e1\u0159 V\u00edte\u010dka, asi by taky zvl\u00e1dl i n\u011bjakou medaili. Iva se ale \u010dinila, stejn\u011b tak jej\u00ed zlat\u00e1 maminka a st\u0159\u00edbr\u00fd tat\u00ednek.<\/p>\n","protected":false},"author":1,"featured_media":1895,"comment_status":"closed","ping_status":"closed","sticky":false,"template":"","format":"standard","meta":{"ngg_post_thumbnail":0,"footnotes":""},"categories":[3],"tags":[],"class_list":["post-1914","post","type-post","status-publish","format-standard","has-post-thumbnail","hentry","category-zavody"],"_links":{"self":[{"href":"https:\/\/www.otuzilci-brno.cz\/index.php?rest_route=\/wp\/v2\/posts\/1914","targetHints":{"allow":["GET"]}}],"collection":[{"href":"https:\/\/www.otuzilci-brno.cz\/index.php?rest_route=\/wp\/v2\/posts"}],"about":[{"href":"https:\/\/www.otuzilci-brno.cz\/index.php?rest_route=\/wp\/v2\/types\/post"}],"author":[{"embeddable":true,"href":"https:\/\/www.otuzilci-brno.cz\/index.php?rest_route=\/wp\/v2\/users\/1"}],"replies":[{"embeddable":true,"href":"https:\/\/www.otuzilci-brno.cz\/index.php?rest_route=%2Fwp%2Fv2%2Fcomments&post=1914"}],"version-history":[{"count":1,"href":"https:\/\/www.otuzilci-brno.cz\/index.php?rest_route=\/wp\/v2\/posts\/1914\/revisions"}],"predecessor-version":[{"id":1915,"href":"https:\/\/www.otuzilci-brno.cz\/index.php?rest_route=\/wp\/v2\/posts\/1914\/revisions\/1915"}],"wp:featuredmedia":[{"embeddable":true,"href":"https:\/\/www.otuzilci-brno.cz\/index.php?rest_route=\/wp\/v2\/media\/1895"}],"wp:attachment":[{"href":"https:\/\/www.otuzilci-brno.cz\/index.php?rest_route=%2Fwp%2Fv2%2Fmedia&parent=1914"}],"wp:term":[{"taxonomy":"category","embeddable":true,"href":"https:\/\/www.otuzilci-brno.cz\/index.php?rest_route=%2Fwp%2Fv2%2Fcategories&post=1914"},{"taxonomy":"post_tag","embeddable":true,"href":"https:\/\/www.otuzilci-brno.cz\/index.php?rest_route=%2Fwp%2Fv2%2Ftags&post=1914"}],"curies":[{"name":"wp","href":"https:\/\/api.w.org\/{rel}","templated":true}]}}