{"id":2830,"date":"2017-05-29T15:50:17","date_gmt":"2017-05-29T13:50:17","guid":{"rendered":"http:\/\/www.otuzilci-brno.cz\/?p=2830"},"modified":"2017-05-29T15:50:17","modified_gmt":"2017-05-29T13:50:17","slug":"prijdte-si-zaplavat","status":"publish","type":"post","link":"https:\/\/www.otuzilci-brno.cz\/?p=2830","title":{"rendered":"P\u0159ij\u010fte si zaplavat"},"content":{"rendered":"<p>Do bohat\u00e9ho programu na z\u00e1mku, v parku a v cel\u00e9m m\u011bst\u011b ve Dnech Slavkova se i letos zapoj\u00ed zimn\u00ed plavci odd\u00edlu Fides Brno. Po lo\u0148sk\u00e9m \u00fasp\u011b\u0161n\u00e9m m\u011b\u0159en\u00ed \u010das\u016f pro ve\u0159ejnost se akce bude opakovat. Na koupali\u0161ti budou v sobotu 3. \u010dervna od 10 do 15 hodin p\u0159ipraveni \u010dasom\u011b\u0159i\u010di a na zvolen\u00e9 trati od 50 m do 1000 metr\u016f zm\u011b\u0159\u00ed \u010dasy z\u00e1jemc\u016fm.<\/p>\n<p>Stejn\u011b jako v lo\u0148sk\u00e9m roce pl\u00e1nujeme opakov\u00e1n\u00ed akce na z\u00e1v\u011br sez\u00f3ny, na ned\u011bli 27. srpna. Pozv\u00e1nku a podrobnosti najdete tak\u00e9 na webu koupali\u0161t\u011b.<\/p>\n<p>V sobotu n\u00e1s najdete i ve st\u00e1nku na miniveletrhu z\u00e1jmov\u00fdch organizac\u00ed. Budou p\u0159ipraveny materi\u00e1ly o otu\u017eov\u00e1n\u00ed, odpov\u00edme na dotazy o zimn\u00edm plav\u00e1n\u00ed, sezn\u00e1m\u00edme v\u00e1s s \u00fasp\u011bchy odd\u00edlu i jeho slavkovsk\u00fdch \u010dlen\u016f.<\/p>\n<p>P\u0159ij\u010fte si zaplavat, t\u011b\u0161\u00edme se na v\u00e1s.<\/p>\n","protected":false},"excerpt":{"rendered":"<p>Do bohat\u00e9ho programu na z\u00e1mku, v parku a v cel\u00e9m m\u011bst\u011b ve Dnech Slavkova se i letos zapoj\u00ed zimn\u00ed plavci odd\u00edlu Fides Brno. Po lo\u0148sk\u00e9m \u00fasp\u011b\u0161n\u00e9m m\u011b\u0159en\u00ed \u010das\u016f pro ve\u0159ejnost se akce bude opakovat. Na koupali\u0161ti budou v sobotu 3. \u010dervna od 10 do 15 hodin p\u0159ipraveni \u010dasom\u011b\u0159i\u010di a na zvolen\u00e9 trati od 50 m &hellip; <a href=\"https:\/\/www.otuzilci-brno.cz\/?p=2830\" class=\"more-link\">Pokra\u010dovat ve \u010dten\u00ed<span class=\"screen-reader-text\"> &#8222;P\u0159ij\u010fte si zaplavat&#8220;<\/span><\/a><\/p>\n","protected":false},"author":1,"featured_media":1487,"comment_status":"closed","ping_status":"closed","sticky":false,"template":"","format":"standard","meta":{"ngg_post_thumbnail":0,"footnotes":""},"categories":[8],"tags":[],"class_list":["post-2830","post","type-post","status-publish","format-standard","has-post-thumbnail","hentry","category-pozvanky"],"_links":{"self":[{"href":"https:\/\/www.otuzilci-brno.cz\/index.php?rest_route=\/wp\/v2\/posts\/2830","targetHints":{"allow":["GET"]}}],"collection":[{"href":"https:\/\/www.otuzilci-brno.cz\/index.php?rest_route=\/wp\/v2\/posts"}],"about":[{"href":"https:\/\/www.otuzilci-brno.cz\/index.php?rest_route=\/wp\/v2\/types\/post"}],"author":[{"embeddable":true,"href":"https:\/\/www.otuzilci-brno.cz\/index.php?rest_route=\/wp\/v2\/users\/1"}],"replies":[{"embeddable":true,"href":"https:\/\/www.otuzilci-brno.cz\/index.php?rest_route=%2Fwp%2Fv2%2Fcomments&post=2830"}],"version-history":[{"count":2,"href":"https:\/\/www.otuzilci-brno.cz\/index.php?rest_route=\/wp\/v2\/posts\/2830\/revisions"}],"predecessor-version":[{"id":2832,"href":"https:\/\/www.otuzilci-brno.cz\/index.php?rest_route=\/wp\/v2\/posts\/2830\/revisions\/2832"}],"wp:featuredmedia":[{"embeddable":true,"href":"https:\/\/www.otuzilci-brno.cz\/index.php?rest_route=\/wp\/v2\/media\/1487"}],"wp:attachment":[{"href":"https:\/\/www.otuzilci-brno.cz\/index.php?rest_route=%2Fwp%2Fv2%2Fmedia&parent=2830"}],"wp:term":[{"taxonomy":"category","embeddable":true,"href":"https:\/\/www.otuzilci-brno.cz\/index.php?rest_route=%2Fwp%2Fv2%2Fcategories&post=2830"},{"taxonomy":"post_tag","embeddable":true,"href":"https:\/\/www.otuzilci-brno.cz\/index.php?rest_route=%2Fwp%2Fv2%2Ftags&post=2830"}],"curies":[{"name":"wp","href":"https:\/\/api.w.org\/{rel}","templated":true}]}}