{"id":2839,"date":"2017-06-09T15:53:51","date_gmt":"2017-06-09T13:53:51","guid":{"rendered":"http:\/\/www.otuzilci-brno.cz\/?p=2839"},"modified":"2017-06-09T15:54:38","modified_gmt":"2017-06-09T13:54:38","slug":"fides-na-dnech-slavkova","status":"publish","type":"post","link":"https:\/\/www.otuzilci-brno.cz\/?p=2839","title":{"rendered":"Fides na Dnech Slavkova"},"content":{"rendered":"<p>Na t\u00e9to velk\u00e9 sl\u00e1v\u011b se p\u0159ed\u00e1vaj\u00ed ocen\u011bn\u00ed nejlep\u0161\u00edm slavkovsk\u00fdm sportovc\u016fm a taky klub\u016fm nebo odd\u00edl\u016fm, kter\u00e9 reprezentuj\u00ed m\u011bsto v tuzemsku i zahrani\u010d\u00ed. V zastoupen\u00ed n\u00e1\u010deln\u00edka Petra, kter\u00fd h\u00e1jil barvy odd\u00edlu v Plzni, jsme za Fides Brno p\u0159evzali \u010destn\u00e9 uzn\u00e1n\u00ed pro nejlep\u0161\u00ed sportovn\u00ed kolektiv nad 18 let. Nastoupili jsme v\u0161ichni Slavkov\u00e1ci, jako Huje\u0159i, spole\u010dn\u011b s mlad\u00fdmi gymnastkami, florbalisty, zaslou\u017eil\u00fdmi tren\u00e9ry a jinou \u010del\u00e1dkou. Krom\u011b slov obdivu a r\u016fzn\u00fdch upom\u00ednkov\u00fdch p\u0159edm\u011bt\u016f obdr\u017eeli jsme od m\u011bsta pro Fides i permanentky na koupali\u0161t\u011b. Ivan Marek si sv\u016fj okam\u017eik sl\u00e1vy u\u017eil hned dvakr\u00e1t, ocen\u011bn byl i divadeln\u00ed spolek, jeho\u017e je aktivn\u00edm \u010dlenem.<!--more--><\/p>\n<p>Sou\u010dasn\u011b cel\u00fd den prob\u00edhal miniveletrh z\u00e1jmov\u00fdch organizac\u00ed. Na n\u011bm m\u011bli jejich \u010dlenov\u00e9 uk\u00e1zat, co je n\u00e1pln\u00ed \u010dinnosti, p\u0159edv\u00e9st \u00fasp\u011bchy, p\u0159\u00edpadn\u011b nal\u00e1kat dal\u0161\u00ed z\u00e1jemce. \u0160\u00e1rka se sv\u00fdm Zde\u0148kem p\u0159ipravili  hezkou prezentaci se stovkou fotografi\u00ed z lo\u0148sk\u00fdch z\u00e1vod\u016f a zaj\u00edmav\u00fd panel s podrobnostmi o zimn\u00edm plav\u00e1n\u00ed a otu\u017eov\u00e1n\u00ed. K dispozici byly i let\u00e1\u010dky s n\u00e1vodem, jak s otu\u017eov\u00e1n\u00edm za\u010d\u00edt. Stylov\u011b jsme k nim nab\u00edzeli bonbony Sn\u011bhulky a Janiny buchty s ledov\u00fdmi tvarohov\u00fdmi vlnami. Informace a buchty zmizely, sn\u011bhulky z\u016fstaly. Pr\u00fd moc cukru a kalori\u00ed. Cel\u00e1 prezentace byla my\u0161lena jako n\u00e1borov\u00e1 a sm\u011b\u0159ovan\u00e1 na obyvatele Slavkova a okol\u00ed, na\u0161e zn\u00e1m\u00e9 a teti\u010dky, proto n\u00e1m odpus\u0165te jen z\u00e1kladn\u00ed informace o celoodd\u00edlov\u00fdch \u00fasp\u011b\u0161\u00edch. My Fides\u00e1ci o nich v\u00edme. A jak \u0159\u00edk\u00e1 Petr, Slavkov\u00e1ci si \u017eij\u00ed sv\u00fdm \u017eivotem. Ano, ale taky pro Fides!<\/p>\n<p>Na koupali\u0161ti jsme zat\u00edm byli p\u0159ipraveni k m\u011b\u0159en\u00ed \u010das\u016f z\u00e1jemc\u016fm. Podle p\u0159edpoklad\u016f se uk\u00e1zalo, \u017ee pro b\u011b\u017enou populaci je voda je\u0161t\u011b studen\u00e1, p\u0159i\u0161lo jich asi deset. I jim jsme osladili den sladkostmi, aby doplnili deficit zp\u016fsoben\u00fd v\u00fddejem ve vod\u011b. Dostali i upom\u00ednkov\u00fd list s d\u00e9lkou uplavan\u00e9 trat\u011b a \u010dasem. Zbyl\u00e9 diplomy budeme rozd\u00e1vat pr\u016fb\u011b\u017en\u011b p\u0159i dal\u0161\u00edm m\u011b\u0159en\u00ed v srpnu a p\u0159i v\u00e1no\u010dn\u00edm plav\u00e1n\u00ed.<\/p>\n<p>Podle m\u00e9ho n\u00e1zoru se na\u0161e vystoupen\u00ed celkem vyda\u0159ilo, neud\u011blali jsme rodn\u00e9mu klubu ostudu. Ot\u00e1zka je, kdo ze z\u00e1jemc\u016f spln\u00ed, co sl\u00edbil. Ve Slavkov\u011b t\u011b\u017eko se\u017eeneme hotov\u00e9 z\u00e1vodn\u00edky, ale mali\u010dk\u00e1 rybi\u010dka se r\u00fdsuje. Na slavkovsk\u00fdch z\u00e1vodech v \u0159\u00edjnu op\u011bt sl\u00edbil \u00fa\u010dast mlad\u00fd Josef Gonda, v\u011bkem dorostenec.  Se z\u00e1jmem si poslechl informaci o stovkov\u00e9 trati na obou mistrovstv\u00edch republiky. I kdy\u017e\u2026. to u\u017e tady taky bylo. Nep\u0159edb\u00edhejme.<\/p>\n<p>Vla\u010fka<br \/>\n<img decoding=\"async\" src=\"http:\/\/www.otuzilci-brno.cz\/wp-content\/uploads\/diplom.jpg\" alt=\"\" width=\"100%\" class=\"aligncenter size-full wp-image-2840\" srcset=\"https:\/\/www.otuzilci-brno.cz\/wp-content\/uploads\/diplom.jpg 794w, https:\/\/www.otuzilci-brno.cz\/wp-content\/uploads\/diplom-106x150.jpg 106w, https:\/\/www.otuzilci-brno.cz\/wp-content\/uploads\/diplom-212x300.jpg 212w, https:\/\/www.otuzilci-brno.cz\/wp-content\/uploads\/diplom-768x1086.jpg 768w, https:\/\/www.otuzilci-brno.cz\/wp-content\/uploads\/diplom-724x1024.jpg 724w\" sizes=\"(max-width: 709px) 85vw, (max-width: 909px) 67vw, (max-width: 984px) 61vw, (max-width: 1362px) 45vw, 600px\" \/><br \/>\n<a href=\"http:\/\/www.otuzilci-brno.cz\/wp-content\/uploads\/panel.jpg\"><img decoding=\"async\" src=\"http:\/\/www.otuzilci-brno.cz\/wp-content\/uploads\/panel.jpg\" alt=\"\" width=\"100%\" class=\"aligncenter size-full wp-image-2843\" srcset=\"https:\/\/www.otuzilci-brno.cz\/wp-content\/uploads\/panel.jpg 2552w, https:\/\/www.otuzilci-brno.cz\/wp-content\/uploads\/panel-54x150.jpg 54w, https:\/\/www.otuzilci-brno.cz\/wp-content\/uploads\/panel-108x300.jpg 108w, https:\/\/www.otuzilci-brno.cz\/wp-content\/uploads\/panel-768x2133.jpg 768w, https:\/\/www.otuzilci-brno.cz\/wp-content\/uploads\/panel-369x1024.jpg 369w\" sizes=\"(max-width: 709px) 85vw, (max-width: 909px) 67vw, (max-width: 1362px) 62vw, 840px\" \/><\/a><\/p>\n","protected":false},"excerpt":{"rendered":"<p>Na t\u00e9to velk\u00e9 sl\u00e1v\u011b se p\u0159ed\u00e1vaj\u00ed ocen\u011bn\u00ed nejlep\u0161\u00edm slavkovsk\u00fdm sportovc\u016fm a taky klub\u016fm nebo odd\u00edl\u016fm, kter\u00e9 reprezentuj\u00ed m\u011bsto v tuzemsku i zahrani\u010d\u00ed. V zastoupen\u00ed n\u00e1\u010deln\u00edka Petra, kter\u00fd h\u00e1jil barvy odd\u00edlu v Plzni, jsme za Fides Brno p\u0159evzali \u010destn\u00e9 uzn\u00e1n\u00ed pro nejlep\u0161\u00ed sportovn\u00ed kolektiv nad 18 let. Nastoupili jsme v\u0161ichni Slavkov\u00e1ci, jako Huje\u0159i, spole\u010dn\u011b s mlad\u00fdmi &hellip; <a href=\"https:\/\/www.otuzilci-brno.cz\/?p=2839\" class=\"more-link\">Pokra\u010dovat ve \u010dten\u00ed<span class=\"screen-reader-text\"> &#8222;Fides na Dnech Slavkova&#8220;<\/span><\/a><\/p>\n","protected":false},"author":1,"featured_media":2840,"comment_status":"closed","ping_status":"closed","sticky":false,"template":"","format":"standard","meta":{"ngg_post_thumbnail":0,"footnotes":""},"categories":[9],"tags":[],"class_list":["post-2839","post","type-post","status-publish","format-standard","has-post-thumbnail","hentry","category-akce"],"_links":{"self":[{"href":"https:\/\/www.otuzilci-brno.cz\/index.php?rest_route=\/wp\/v2\/posts\/2839","targetHints":{"allow":["GET"]}}],"collection":[{"href":"https:\/\/www.otuzilci-brno.cz\/index.php?rest_route=\/wp\/v2\/posts"}],"about":[{"href":"https:\/\/www.otuzilci-brno.cz\/index.php?rest_route=\/wp\/v2\/types\/post"}],"author":[{"embeddable":true,"href":"https:\/\/www.otuzilci-brno.cz\/index.php?rest_route=\/wp\/v2\/users\/1"}],"replies":[{"embeddable":true,"href":"https:\/\/www.otuzilci-brno.cz\/index.php?rest_route=%2Fwp%2Fv2%2Fcomments&post=2839"}],"version-history":[{"count":6,"href":"https:\/\/www.otuzilci-brno.cz\/index.php?rest_route=\/wp\/v2\/posts\/2839\/revisions"}],"predecessor-version":[{"id":2847,"href":"https:\/\/www.otuzilci-brno.cz\/index.php?rest_route=\/wp\/v2\/posts\/2839\/revisions\/2847"}],"wp:featuredmedia":[{"embeddable":true,"href":"https:\/\/www.otuzilci-brno.cz\/index.php?rest_route=\/wp\/v2\/media\/2840"}],"wp:attachment":[{"href":"https:\/\/www.otuzilci-brno.cz\/index.php?rest_route=%2Fwp%2Fv2%2Fmedia&parent=2839"}],"wp:term":[{"taxonomy":"category","embeddable":true,"href":"https:\/\/www.otuzilci-brno.cz\/index.php?rest_route=%2Fwp%2Fv2%2Fcategories&post=2839"},{"taxonomy":"post_tag","embeddable":true,"href":"https:\/\/www.otuzilci-brno.cz\/index.php?rest_route=%2Fwp%2Fv2%2Ftags&post=2839"}],"curies":[{"name":"wp","href":"https:\/\/api.w.org\/{rel}","templated":true}]}}