{"id":3809,"date":"2020-02-09T19:54:17","date_gmt":"2020-02-09T18:54:17","guid":{"rendered":"https:\/\/www.otuzilci-brno.cz\/?p=3809"},"modified":"2020-02-11T08:39:13","modified_gmt":"2020-02-11T07:39:13","slug":"treti-den-ctvrty-den","status":"publish","type":"post","link":"https:\/\/www.otuzilci-brno.cz\/?p=3809","title":{"rendered":"t\u0159et\u00ed den, \u010dtvrt\u00fd den"},"content":{"rendered":"\n<p>Ve\n\u010dtvrtek se do vody dostala nejd\u0159\u00edv Terka. Na 25 metr\u016f mot\u00fdlem skon\u010dila \u010dtvrt\u00e1.\nMot\u00fdl se plaval v\u00edc jak hodinu. Terka pak hned plavala sto kraul a skon\u010dila\np\u00e1t\u00e1. Ona pak u\u017e m\u011bla ten den hotovo, zat\u00edmco my jsme je\u0161t\u011b nebyli ve vod\u011b.\nPrvn\u00ed \u0161la V\u00e1clavka a se sv\u00fdm \u010dasem vedla. V dal\u0161\u00ed rozplavb\u011b se prosadila\nfavorizovan\u00e1 Raku\u0161anka. Dal\u0161\u00ed z\u00e1vodnice pak vzala Vendy o sedm setin a tak jsme\nm\u011bli dal\u0161\u00ed bronz.&nbsp; Marek pak skon\u010dil \u0161est\u00fd. B\u00e9\u010fa m\u011bl v kategorii dva\nsoupe\u0159e a do poloviny to byl s jedn\u00edm z nich vyrovnan\u00fd souboj. B\u00e9\u010fa ale rychlost\nudr\u017eel a slavili jsme dal\u0161\u00ed titul. P\u0159istihl jsem sebe i n\u011bkolik dal\u0161\u00edch, \u017ee to\nbereme jako samoz\u0159ejmost. B\u00e9\u010fovi jsme prost\u011b v\u011b\u0159ili.<\/p>\n\n\n\n<!--more-->\n\n\n\n<p>Odpoledne\nbyla tra\u0165 450 metr\u016f a tak jsme za\u010dali nafukovat b\u00f3jky. Za\u010dalo se zase bronzem.\nTentokr\u00e1t jej dodala Vla\u010fka. Liba byla sedm\u00e1, Helenka \u010dtvrt\u00e1, Jana p\u0159idala\ndal\u0161\u00ed bronz, Jitka a Mark\u00e9ta byly osm\u00e9, Vendy a Magda p\u00e1t\u00e9. T\u0159et\u00ed d\u00e1msk\u00fd bronz\nz t\u00e9to trati p\u0159idala Radka.<\/p>\n\n\n\n<p>Pak\nna to \u0161li kluci. Zaplavali dob\u0159e, Ondra bral &#8222;brambory&#8220;, Ivan a Radek\nbyli p\u00e1t\u00ed, Robo v jedin\u00e9m startu na mistrovstv\u00ed sedm\u00fd. Hezky to vy\u0161lo Radkovi\nKure\u010dkovi, p\u011bkn\u011b plaval i Martin. Nejv\u011bt\u0161\u00ed radost jsme m\u011bli z Michala, z\u00edskal\nn\u00e1\u0161 jubilejn\u00ed des\u00e1t\u00fd bronz, \u010dtvrt\u00fd z trati 450 metr\u016f.<\/p>\n\n\n\n<p>V\np\u00e1tek plavala volnou pades\u00e1tku zase prvn\u00ed Terka a skon\u010dila \u010dtvrt\u00e1. Je\u0161t\u011b\np\u0159edt\u00edm si pomocn\u00e1 rozhod\u010d\u00ed odprezentovala &#8222;Val\u010davu&#8220;. Ta zvolila\ntaktiku &#8222;hladov\u00fd vlk&#8220; a m\u011bla velmi hezk\u00fd \u010das 36,44. Pak jsme \u010dekali\nskoro 25 minut na doplav\u00e1n\u00ed v\u0161ech soupe\u0159ek. Rychlej\u0161\u00ed byla jen Raku\u0161anka, tak\u017ee\njsme se do\u010dkali vytou\u017een\u00e9ho st\u0159\u00edbra. Druh\u00e9 p\u0159idal za chvilku B\u00e9\u010fa. Pro toho\nbyla pades\u00e1tka pr\u00fd moc kr\u00e1tk\u00e1.<\/p>\n\n\n\n<p>Mistrovstv\u00ed\njsme zakon\u010dili s bilanc\u00ed t\u0159\u00ed zlat\u00fdch, dvou st\u0159\u00edbrn\u00fdch a deseti bronzov\u00fdch\nmedail\u00ed. &nbsp;&nbsp;<\/p>\n\n\n\n<p>Tato\nbilance by byla lep\u0161\u00ed v p\u0159\u00edpad\u011b start\u016f Helenky a Liby na kilometru. Tak\u00e9 v\np\u00e1tek se mohla kompletn\u00ed slavkovsk\u00e1 d\u00edv\u010d\u00ed trojice postavit na 250 prsa. Jist\u011b\nby neode\u0161ly s pr\u00e1zdnou. D\u00edky desetilet\u00e9mu rozp\u011bt\u00ed dvou kategori\u00ed se medaile\nnedo\u010dkala Magda. V p\u00e1tek m\u011bla v nejsiln\u011bj\u0161\u00ed rozplavb\u011b na 200 metr\u016f prsa od\nbronzu kousek.<\/p>\n\n\n\n<p>Je\u0161t\u011b\nnev\u00edme, kam pojedeme na mistrovstv\u00ed za dva roky. P\u0159ed Tallinem jsme se pou\u010dili\nz Rovaniemi a po Tallinu jsme sp\u0159\u00e1dali pl\u00e1ny na Bled. Vyzkou\u0161eli jsme si\nz\u00e1vodi\u0161t\u011b p\u0159ed rokem sv\u011btov\u00e9m poh\u00e1ru. V komorn\u011bj\u0161\u00ed sestav\u011b n\u00e1s i soupe\u0159\u016f to\nbylo tehdy s bilanc\u00ed 10 &#8211; 7 &#8211; 1.&nbsp;<\/p>\n\n\n\n<p>Definitivn\u011b\npadla \u010c\u00edna, mluv\u00ed se o Kaliningradu a loty\u0161sk\u00e9 Jelgav\u011b. Ta by se n\u00e1m jist\u011b\nzamlouvala.<\/p>\n\n\n\n<p>Petr<\/p>\n\n\n\n<figure class=\"wp-block-image size-large\"><img loading=\"lazy\" decoding=\"async\" width=\"768\" height=\"1024\" src=\"https:\/\/www.otuzilci-brno.cz\/wp-content\/uploads\/IMG_4045-768x1024.jpg\" alt=\"\" class=\"wp-image-3816\" srcset=\"https:\/\/www.otuzilci-brno.cz\/wp-content\/uploads\/IMG_4045-768x1024.jpg 768w, https:\/\/www.otuzilci-brno.cz\/wp-content\/uploads\/IMG_4045-225x300.jpg 225w, https:\/\/www.otuzilci-brno.cz\/wp-content\/uploads\/IMG_4045-113x150.jpg 113w, https:\/\/www.otuzilci-brno.cz\/wp-content\/uploads\/IMG_4045-1152x1536.jpg 1152w, https:\/\/www.otuzilci-brno.cz\/wp-content\/uploads\/IMG_4045-1536x2048.jpg 1536w, https:\/\/www.otuzilci-brno.cz\/wp-content\/uploads\/IMG_4045-scaled.jpg 1920w\" sizes=\"auto, (max-width: 709px) 85vw, (max-width: 909px) 67vw, (max-width: 984px) 61vw, (max-width: 1362px) 45vw, 600px\" \/><\/figure>\n\n\n\n<figure class=\"wp-block-image size-large\"><img loading=\"lazy\" decoding=\"async\" width=\"1024\" height=\"768\" src=\"https:\/\/www.otuzilci-brno.cz\/wp-content\/uploads\/IMG_4096-1024x768.jpg\" alt=\"\" class=\"wp-image-3817\" srcset=\"https:\/\/www.otuzilci-brno.cz\/wp-content\/uploads\/IMG_4096-1024x768.jpg 1024w, https:\/\/www.otuzilci-brno.cz\/wp-content\/uploads\/IMG_4096-300x225.jpg 300w, https:\/\/www.otuzilci-brno.cz\/wp-content\/uploads\/IMG_4096-150x113.jpg 150w, https:\/\/www.otuzilci-brno.cz\/wp-content\/uploads\/IMG_4096-768x576.jpg 768w, https:\/\/www.otuzilci-brno.cz\/wp-content\/uploads\/IMG_4096-1536x1152.jpg 1536w, https:\/\/www.otuzilci-brno.cz\/wp-content\/uploads\/IMG_4096-2048x1536.jpg 2048w\" sizes=\"auto, (max-width: 709px) 85vw, (max-width: 909px) 67vw, (max-width: 1362px) 62vw, 840px\" \/><\/figure>\n\n\n\n<figure class=\"wp-block-image size-large\"><img loading=\"lazy\" decoding=\"async\" width=\"769\" height=\"1024\" src=\"https:\/\/www.otuzilci-brno.cz\/wp-content\/uploads\/IMG_4107-769x1024.jpg\" alt=\"\" class=\"wp-image-3818\" srcset=\"https:\/\/www.otuzilci-brno.cz\/wp-content\/uploads\/IMG_4107-769x1024.jpg 769w, https:\/\/www.otuzilci-brno.cz\/wp-content\/uploads\/IMG_4107-225x300.jpg 225w, https:\/\/www.otuzilci-brno.cz\/wp-content\/uploads\/IMG_4107-113x150.jpg 113w, https:\/\/www.otuzilci-brno.cz\/wp-content\/uploads\/IMG_4107-768x1022.jpg 768w, https:\/\/www.otuzilci-brno.cz\/wp-content\/uploads\/IMG_4107-1154x1536.jpg 1154w, https:\/\/www.otuzilci-brno.cz\/wp-content\/uploads\/IMG_4107-1539x2048.jpg 1539w, https:\/\/www.otuzilci-brno.cz\/wp-content\/uploads\/IMG_4107-scaled.jpg 1923w\" sizes=\"auto, (max-width: 709px) 85vw, (max-width: 909px) 67vw, (max-width: 984px) 61vw, (max-width: 1362px) 45vw, 600px\" \/><\/figure>\n","protected":false},"excerpt":{"rendered":"<p>Ve \u010dtvrtek se do vody dostala nejd\u0159\u00edv Terka. Na 25 metr\u016f mot\u00fdlem skon\u010dila \u010dtvrt\u00e1. Mot\u00fdl se plaval v\u00edc jak hodinu. Terka pak hned plavala sto kraul a skon\u010dila p\u00e1t\u00e1. Ona pak u\u017e m\u011bla ten den hotovo, zat\u00edmco my jsme je\u0161t\u011b nebyli ve vod\u011b. Prvn\u00ed \u0161la V\u00e1clavka a se sv\u00fdm \u010dasem vedla. V dal\u0161\u00ed rozplavb\u011b se &hellip; <a href=\"https:\/\/www.otuzilci-brno.cz\/?p=3809\" class=\"more-link\">Pokra\u010dovat ve \u010dten\u00ed<span class=\"screen-reader-text\"> &#8222;t\u0159et\u00ed den, \u010dtvrt\u00fd den&#8220;<\/span><\/a><\/p>\n","protected":false},"author":1,"featured_media":3818,"comment_status":"closed","ping_status":"closed","sticky":false,"template":"","format":"standard","meta":{"ngg_post_thumbnail":0,"footnotes":""},"categories":[3],"tags":[],"class_list":["post-3809","post","type-post","status-publish","format-standard","has-post-thumbnail","hentry","category-zavody"],"_links":{"self":[{"href":"https:\/\/www.otuzilci-brno.cz\/index.php?rest_route=\/wp\/v2\/posts\/3809","targetHints":{"allow":["GET"]}}],"collection":[{"href":"https:\/\/www.otuzilci-brno.cz\/index.php?rest_route=\/wp\/v2\/posts"}],"about":[{"href":"https:\/\/www.otuzilci-brno.cz\/index.php?rest_route=\/wp\/v2\/types\/post"}],"author":[{"embeddable":true,"href":"https:\/\/www.otuzilci-brno.cz\/index.php?rest_route=\/wp\/v2\/users\/1"}],"replies":[{"embeddable":true,"href":"https:\/\/www.otuzilci-brno.cz\/index.php?rest_route=%2Fwp%2Fv2%2Fcomments&post=3809"}],"version-history":[{"count":2,"href":"https:\/\/www.otuzilci-brno.cz\/index.php?rest_route=\/wp\/v2\/posts\/3809\/revisions"}],"predecessor-version":[{"id":3819,"href":"https:\/\/www.otuzilci-brno.cz\/index.php?rest_route=\/wp\/v2\/posts\/3809\/revisions\/3819"}],"wp:featuredmedia":[{"embeddable":true,"href":"https:\/\/www.otuzilci-brno.cz\/index.php?rest_route=\/wp\/v2\/media\/3818"}],"wp:attachment":[{"href":"https:\/\/www.otuzilci-brno.cz\/index.php?rest_route=%2Fwp%2Fv2%2Fmedia&parent=3809"}],"wp:term":[{"taxonomy":"category","embeddable":true,"href":"https:\/\/www.otuzilci-brno.cz\/index.php?rest_route=%2Fwp%2Fv2%2Fcategories&post=3809"},{"taxonomy":"post_tag","embeddable":true,"href":"https:\/\/www.otuzilci-brno.cz\/index.php?rest_route=%2Fwp%2Fv2%2Ftags&post=3809"}],"curies":[{"name":"wp","href":"https:\/\/api.w.org\/{rel}","templated":true}]}}