{"id":6671,"date":"2022-08-03T08:14:12","date_gmt":"2022-08-03T06:14:12","guid":{"rendered":"https:\/\/www.otuzilci-brno.cz\/?p=6671"},"modified":"2022-08-04T14:40:02","modified_gmt":"2022-08-04T12:40:02","slug":"pred-dvaceti-lety-jsme-dosahli-prvniho-uspechu-na-kanale","status":"publish","type":"post","link":"https:\/\/www.otuzilci-brno.cz\/?p=6671","title":{"rendered":"P\u0159ed dvaceti lety jsme dos\u00e1hli prvn\u00edho \u00fasp\u011bchu na kan\u00e1le"},"content":{"rendered":"\n<p>S&nbsp;R\u00ed\u0161ou Haanem a Jirkou Vale\u0161em jsme na konci \u010dervence roku 2002 odjeli na n\u00e1\u0161 druh\u00fd La Manche. Po\u010detn\u00e1 skupina doprovodu v\u010detn\u011b \u0161t\u00e1bu dvou borc\u016f z&nbsp;brn\u011bnsk\u00e9ho studia \u010cesk\u00e9 televize dorazila po t\u00fddnu.<\/p>\n\n\n\n<p>Lodivod Michael Oram se&nbsp;synem Lancem p\u0159ipravili ob\u011b lodi \u2013 Sea Satin a Aegean Blue a \u010dekalo se na jejich povel. Start byl nakonec v&nbsp;\u00fater\u00fd 30. 7. v&nbsp;odpoledn\u00edch hodin\u00e1ch (14:36 moje mali\u010dkost, 14:38 R\u00ed\u0161a). Nebyl to od lodivoda \u00fapln\u011b dobr\u00fd n\u00e1pad. U\u017eili jsme si n\u011bkolik lok\u00e1ln\u00edch bou\u0159ek, kter\u00e9 m\u011bly z\u00e1sadn\u00ed vliv na kondici doprovodu a samoz\u0159ejm\u011b poznamenaly tak\u00e9 v\u00fdkon obou plavc\u016f. R\u00ed\u0161a pak tvrdil, \u017ee nikdy neza\u017eil nic hor\u0161\u00edho. Ve vod\u011b vydr\u017eel 11:20 hodin. Po 45 minut\u00e1ch m\u011b lodivod Michael vysvobodil. \u201eStart v&nbsp;tomto po\u010das\u00ed je moje selh\u00e1n\u00ed, m\u00e1te dva pokusy do p\u011bti dn\u016f zdarma.\u201c D\u00e1rek ve v\u00fd\u0161i zhruba 140 tis\u00edc jsem neodm\u00edtl a sv\u016fj pokus ukon\u010dil v&nbsp;\u010dase 12:05 hodin. Museli m\u011b p\u0159esv\u011bd\u010dovat, \u017ee R\u00ed\u0161a u\u017e taky neplave. Ten \u00fadaj 12:05 stoj\u00ed za zapamatov\u00e1n\u00ed.<\/p>\n\n\n\n<!--more-->\n\n\n\n<p>Dr. Jana Martinkov\u00e1 \u201eohledala\u201c R\u00ed\u0161u a start do p\u011bti dn\u016f mu povolila. U m\u011b ale byla striktn\u011b proti, sp\u00ed\u0161 kv\u016fli anamn\u00e9ze, aktu\u00e1ln\u00ed zdravotn\u00ed stav byl celkem dobr\u00fd. Ale byl tady ten darovan\u00fd voln\u00fd pokus! Z&nbsp;prvn\u00ed \u0159ady v&nbsp;hledi\u0161ti se tam na jevi\u0161t\u011b dostali takov\u00ed borci jako Michalov\u00e9 \u0160anda a \u0160pa\u010dek, Honza P\u0159\u00edborsk\u00fd a Pavel Kou\u0159il. Jirka Vale\u0161 se zdr\u00e1hal. I kdy\u017e byl na m\u00edst\u011b tehdej\u0161\u00ed p\u0159edseda Zden\u011bk Filip, zachoval jsem se jako hlavn\u00ed tren\u00e9r. \u201eJirko, ta \u0161tafeta mus\u00ed m\u00edt \u0161est lid\u00ed!\u201c Jirka u\u017e pak neprotestoval a 6. a 12. hodinu podal v\u00fdborn\u00fd v\u00fdkon. A j\u00e1 jsem se prom\u011bnil v&nbsp;hraj\u00edc\u00edho tren\u00e9ra: \u201eZa\u010dne Honza P\u0159\u00edborsk\u00fd, p\u0159ed\u00e1 nejlep\u0161\u00edmu plavci Michalovi \u0160pa\u010dkovi a ten Michalovi \u0160andovi. Pak poplavu j\u00e1, p\u0159ed\u00e1m Pavlovi a ten Jirkovi. Za 13 nebo 14 hodin nen\u00ed co d\u011blat!\u201c&nbsp;<\/p>\n\n\n\n<p>T\u011bch p\u011bt dn\u016f se n\u00e1m smrsklo na dva dny a kousek. Odstartovali jsme v&nbsp;p\u00e1tek 2. srpna v&nbsp;rann\u00edch hodin\u00e1ch. R\u00ed\u0161a plaval s&nbsp;Michaelem a m\u011bl pomal\u00fd postup. Z\u016fstal \u010dty\u0159i kilometry od francouzsk\u00e9ho b\u0159ehu, ke kter\u00e9mu se za posledn\u00ed \u010dty\u0159i hodiny nep\u0159ibl\u00ed\u017eil ani o metr. Pokus ukon\u010dili po dohod\u011b s&nbsp;lodivodem v&nbsp;\u010dase 17:27 hodin. Na konci roku mu z&nbsp;Anglie p\u0159i\u0161la cena za nejvytrvalej\u0161\u00ed v\u00fdkon roku 2002.<\/p>\n\n\n\n<p>U n\u00e1s na Aegean blue byla od za\u010d\u00e1tku dobr\u00e1 n\u00e1lada. Lo\u010f jsem znal z\u00a0pokusu Libora La\u0161t\u00edka u\u017e z\u00a0roku 1998 a lodivoda Lance taky. Honza a Michalov\u00e9 za to po\u0159\u00e1dn\u011b vzali a rychle jsme odrazili od anglick\u00e9ho b\u0159ehu. Sna\u017eil jsem se samoz\u0159ejm\u011b taky o co nejlep\u0161\u00ed v\u00fdkon. Dva dny p\u0159edt\u00edm jsem se zase sna\u017eil o ten sv\u011btov\u00fd prsa\u0159sk\u00fd rekord (nakonec ho nem\u00e1m ani na Gibraltaru), te\u010f jsem mohl plavat kraulem. Sna\u017eil se i Pavel a p\u0159i sv\u00e9 d\u00e1lkoplaveck\u00e9 premi\u00e9\u0159e i Jirka. Ten byl se mnou na kan\u00e1le i o \u010dty\u0159i roky pozd\u011bji. Tehdy se s\u00e1m v\u00fdborn\u011b p\u0159ipravoval. Zvl\u00e1dl v\u00a0Chorvatsku v\u00a0\u010dervnu za den i deset kilometr\u016f a v\u00a0poh\u00e1ru dal des\u00edtku v\u00a0pohod\u011b za 3:38 hodiny. Te\u010f n\u00e1m to rozhodn\u011b nekazil. Ve druh\u00e9 hodin\u011b na n\u011bj vy\u0161ly siln\u00e9 proudy u francouzsk\u00e9ho b\u0159ehu. Ale i ty p\u0159ekonal a na posledn\u00edch 350 metr\u016f p\u0159edal Honzovi. Ten si zaplaval u\u017e jen p\u011bt minut. V\u00fdsledn\u00fd \u010das byl 12:05 hodin, tentokr\u00e1t ale u \u00fasp\u011b\u0161n\u00e9ho pokusu(!) Byli jsme v\u00a0c\u00edli na pl\u00e1\u017ei u vesnice Vissant. Doplavali jsme tam v\u0161ichni krom\u011b Jirky, ten na n\u00e1s po\u010dkal na lodi.<\/p>\n\n\n\n<p>Pokud by nebyla bou\u0159ka, m\u011bli bychom s&nbsp;R\u00ed\u0161ou p\u0159eplav\u00e1no o t\u0159i (R\u00ed\u0161a) nebo \u010dty\u0159i (j\u00e1) roky d\u0159\u00edve. Takto se formoval siln\u00fd odd\u00edl a ten u\u017e ve sv\u00e9m t\u0159et\u00edm roce po vzniku dos\u00e1hl v&nbsp;sez\u00f3n\u011b 2002\/03 na prvn\u00ed v\u00fdhru v&nbsp;odd\u00edlov\u00e9 sout\u011b\u017ei \u010cesk\u00e9ho poh\u00e1ru. &nbsp;&nbsp;&nbsp;&nbsp;&nbsp;&nbsp;&nbsp; <\/p>\n\n\n\n<p>Petr<\/p>\n","protected":false},"excerpt":{"rendered":"<p>S&nbsp;R\u00ed\u0161ou Haanem a Jirkou Vale\u0161em jsme na konci \u010dervence roku 2002 odjeli na n\u00e1\u0161 druh\u00fd La Manche. Po\u010detn\u00e1 skupina doprovodu v\u010detn\u011b \u0161t\u00e1bu dvou borc\u016f z&nbsp;brn\u011bnsk\u00e9ho studia \u010cesk\u00e9 televize dorazila po t\u00fddnu. Lodivod Michael Oram se&nbsp;synem Lancem p\u0159ipravili ob\u011b lodi \u2013 Sea Satin a Aegean Blue a \u010dekalo se na jejich povel. Start byl nakonec v&nbsp;\u00fater\u00fd &hellip; <a href=\"https:\/\/www.otuzilci-brno.cz\/?p=6671\" class=\"more-link\">Pokra\u010dovat ve \u010dten\u00ed<span class=\"screen-reader-text\"> &#8222;P\u0159ed dvaceti lety jsme dos\u00e1hli prvn\u00edho \u00fasp\u011bchu na kan\u00e1le&#8220;<\/span><\/a><\/p>\n","protected":false},"author":187,"featured_media":6672,"comment_status":"closed","ping_status":"closed","sticky":false,"template":"","format":"standard","meta":{"ngg_post_thumbnail":0,"footnotes":""},"categories":[3],"tags":[],"class_list":["post-6671","post","type-post","status-publish","format-standard","has-post-thumbnail","hentry","category-zavody"],"_links":{"self":[{"href":"https:\/\/www.otuzilci-brno.cz\/index.php?rest_route=\/wp\/v2\/posts\/6671","targetHints":{"allow":["GET"]}}],"collection":[{"href":"https:\/\/www.otuzilci-brno.cz\/index.php?rest_route=\/wp\/v2\/posts"}],"about":[{"href":"https:\/\/www.otuzilci-brno.cz\/index.php?rest_route=\/wp\/v2\/types\/post"}],"author":[{"embeddable":true,"href":"https:\/\/www.otuzilci-brno.cz\/index.php?rest_route=\/wp\/v2\/users\/187"}],"replies":[{"embeddable":true,"href":"https:\/\/www.otuzilci-brno.cz\/index.php?rest_route=%2Fwp%2Fv2%2Fcomments&post=6671"}],"version-history":[{"count":4,"href":"https:\/\/www.otuzilci-brno.cz\/index.php?rest_route=\/wp\/v2\/posts\/6671\/revisions"}],"predecessor-version":[{"id":6676,"href":"https:\/\/www.otuzilci-brno.cz\/index.php?rest_route=\/wp\/v2\/posts\/6671\/revisions\/6676"}],"wp:featuredmedia":[{"embeddable":true,"href":"https:\/\/www.otuzilci-brno.cz\/index.php?rest_route=\/wp\/v2\/media\/6672"}],"wp:attachment":[{"href":"https:\/\/www.otuzilci-brno.cz\/index.php?rest_route=%2Fwp%2Fv2%2Fmedia&parent=6671"}],"wp:term":[{"taxonomy":"category","embeddable":true,"href":"https:\/\/www.otuzilci-brno.cz\/index.php?rest_route=%2Fwp%2Fv2%2Fcategories&post=6671"},{"taxonomy":"post_tag","embeddable":true,"href":"https:\/\/www.otuzilci-brno.cz\/index.php?rest_route=%2Fwp%2Fv2%2Ftags&post=6671"}],"curies":[{"name":"wp","href":"https:\/\/api.w.org\/{rel}","templated":true}]}}