{"id":6763,"date":"2022-10-31T12:30:55","date_gmt":"2022-10-31T11:30:55","guid":{"rendered":"https:\/\/www.otuzilci-brno.cz\/?p=6763"},"modified":"2022-10-31T12:32:11","modified_gmt":"2022-10-31T11:32:11","slug":"lulec-poprve","status":"publish","type":"post","link":"https:\/\/www.otuzilci-brno.cz\/?p=6763","title":{"rendered":"Lule\u010d poprv\u00e9"},"content":{"rendered":"\n<p>Tak jsme to v sobotu zvl\u00e1dli. Po slavkovsk\u00fdch z\u00e1vodech, kde u\u017e m\u00e1me v\u0161echno zajet\u00e9, bylo t\u0159eba na nov\u00e9m m\u00edst\u011b zajistit tolik v\u011bc\u00ed, a\u017e z toho \u0161la hlava kolem.<\/p>\n\n\n\n<p>P\u0159ed v\u00edce ne\u017e p\u016fl rokem jsem obdivovala Pavla \u0160imka a jeho pomocn\u00edky, s jak\u00fdm p\u0159ehledem p\u0159ipravili M\u010cR v Brn\u011b, taky na nov\u00e9m m\u00edst\u011b. Teprve te\u010f n\u00e1m doch\u00e1z\u00ed, co takov\u00e1 p\u0159\u00edprava obn\u00e1\u0161\u00ed.<\/p>\n\n\n\n<!--more-->\n\n\n\n<p>Ale mysl\u00edm, \u017ee z\u00e1vod prob\u011bhl \u00fasp\u011b\u0161n\u011b. I kdy\u017e\u2026 Velk\u00e9 nad\u0161en\u00ed \u0161\u00e9fa Panelky brzo vyprchalo a zru\u0161il napevno dohodnut\u00fd term\u00edn kr\u00e1tce p\u0159ed za\u010d\u00e1tkem akce. Na\u0161t\u011bst\u00ed se v\u0161e vy\u0159e\u0161ilo v pohod\u011b v Pohod\u011b.<\/p>\n\n\n\n<p>Jedni\u010dku s hv\u011bzdi\u010dkou bych tentokr\u00e1t napsala Ivanovi. Na n\u011bm le\u017eelo vyjedn\u00e1v\u00e1n\u00ed, domlouv\u00e1n\u00ed, chyst\u00e1n\u00ed, v\u0161echny pr\u00e1ce, kter\u00e9 nejsou vid\u011bt. K ruce jsme mu byli v\u0161ichni podle sv\u00fdch mo\u017enost\u00ed a schopnost\u00ed. Bu\u010dov\u00e1ci vymysleli a provedli syst\u00e9m upevn\u011bn\u00ed b\u00f3jek a spolu s Petrem, Lenkou, Magdou a Jarmilou vym\u011b\u0159ili a vyzkou\u0161eli tra\u0165. Podle \u010das\u016f mo\u017en\u00e1 byla o kous\u00ed\u010dek krat\u0161\u00ed, ale jak \u0159ekl Marek Ko\u0161eck\u00fd : \u201ePre v\u0161etk\u00fdch to bolo stejn\u00e9.\u201c<\/p>\n\n\n\n<p>Stan z Bud\u011bjic p\u0159ijel a byl postaven \u00fasp\u011b\u0161n\u011b, buchet a pomaz\u00e1nek se se\u0161lo dost, \u010daj byl taky k dispozici. Hodn\u011b n\u00e1m pomohli i na\u0161i sympatizanti a fanou\u0161ci. Milan fotil ka\u017edi\u010dk\u00e9 tempo a zaj\u00edmavou situaci, Sva\u0165a str\u00e1vil na lo\u010fce cel\u00fd z\u00e1vod s hasi\u010dem-z\u00e1chran\u00e1\u0159em, Kyj\u00e1k se staral o \u010daj, desinfekci a jontov\u00e9 n\u00e1poje. Daniela Fanova popisovala, povzbuzovala a konala, co bylo pot\u0159eba.<\/p>\n\n\n\n<p>Nad ve\u0161ker\u00fdm pr\u016fb\u011bhem od jara, kdy se o Lul\u010di za\u010dalo uva\u017eovat, samoz\u0159ejm\u011b bd\u011bl n\u00e1\u010deln\u00edk Petr. Schvaloval, navrhoval, ob\u010das zam\u00edtl a hlavn\u011b z\u00edskal velkou podporu na obci. Starosta souhlasil se v\u0161\u00edm, spr\u00e1vce koupali\u0161t\u011b nevid\u011bl v ni\u010dem probl\u00e9m a je\u0161t\u011b poradil, co a jak tam ud\u011blat nejl\u00edp.<\/p>\n\n\n\n<p>Tak uvid\u00edme za rok, bude to op\u011bt Lule\u010d?<\/p>\n\n\n\n<p>Vla\u010fka<\/p>\n","protected":false},"excerpt":{"rendered":"<p>Tak jsme to v sobotu zvl\u00e1dli. Po slavkovsk\u00fdch z\u00e1vodech, kde u\u017e m\u00e1me v\u0161echno zajet\u00e9, bylo t\u0159eba na nov\u00e9m m\u00edst\u011b zajistit tolik v\u011bc\u00ed, a\u017e z toho \u0161la hlava kolem. P\u0159ed v\u00edce ne\u017e p\u016fl rokem jsem obdivovala Pavla \u0160imka a jeho pomocn\u00edky, s jak\u00fdm p\u0159ehledem p\u0159ipravili M\u010cR v Brn\u011b, taky na nov\u00e9m m\u00edst\u011b. Teprve te\u010f n\u00e1m doch\u00e1z\u00ed, &hellip; <a href=\"https:\/\/www.otuzilci-brno.cz\/?p=6763\" class=\"more-link\">Pokra\u010dovat ve \u010dten\u00ed<span class=\"screen-reader-text\"> &#8222;Lule\u010d poprv\u00e9&#8220;<\/span><\/a><\/p>\n","protected":false},"author":187,"featured_media":6764,"comment_status":"closed","ping_status":"closed","sticky":false,"template":"","format":"standard","meta":{"ngg_post_thumbnail":0,"footnotes":""},"categories":[3],"tags":[],"class_list":["post-6763","post","type-post","status-publish","format-standard","has-post-thumbnail","hentry","category-zavody"],"_links":{"self":[{"href":"https:\/\/www.otuzilci-brno.cz\/index.php?rest_route=\/wp\/v2\/posts\/6763","targetHints":{"allow":["GET"]}}],"collection":[{"href":"https:\/\/www.otuzilci-brno.cz\/index.php?rest_route=\/wp\/v2\/posts"}],"about":[{"href":"https:\/\/www.otuzilci-brno.cz\/index.php?rest_route=\/wp\/v2\/types\/post"}],"author":[{"embeddable":true,"href":"https:\/\/www.otuzilci-brno.cz\/index.php?rest_route=\/wp\/v2\/users\/187"}],"replies":[{"embeddable":true,"href":"https:\/\/www.otuzilci-brno.cz\/index.php?rest_route=%2Fwp%2Fv2%2Fcomments&post=6763"}],"version-history":[{"count":2,"href":"https:\/\/www.otuzilci-brno.cz\/index.php?rest_route=\/wp\/v2\/posts\/6763\/revisions"}],"predecessor-version":[{"id":6766,"href":"https:\/\/www.otuzilci-brno.cz\/index.php?rest_route=\/wp\/v2\/posts\/6763\/revisions\/6766"}],"wp:featuredmedia":[{"embeddable":true,"href":"https:\/\/www.otuzilci-brno.cz\/index.php?rest_route=\/wp\/v2\/media\/6764"}],"wp:attachment":[{"href":"https:\/\/www.otuzilci-brno.cz\/index.php?rest_route=%2Fwp%2Fv2%2Fmedia&parent=6763"}],"wp:term":[{"taxonomy":"category","embeddable":true,"href":"https:\/\/www.otuzilci-brno.cz\/index.php?rest_route=%2Fwp%2Fv2%2Fcategories&post=6763"},{"taxonomy":"post_tag","embeddable":true,"href":"https:\/\/www.otuzilci-brno.cz\/index.php?rest_route=%2Fwp%2Fv2%2Ftags&post=6763"}],"curies":[{"name":"wp","href":"https:\/\/api.w.org\/{rel}","templated":true}]}}