{"id":6767,"date":"2022-11-07T08:02:43","date_gmt":"2022-11-07T07:02:43","guid":{"rendered":"https:\/\/www.otuzilci-brno.cz\/?p=6767"},"modified":"2022-11-07T08:02:46","modified_gmt":"2022-11-07T07:02:46","slug":"uspech-i-na-dalsi-poharove-zastavce","status":"publish","type":"post","link":"https:\/\/www.otuzilci-brno.cz\/?p=6767","title":{"rendered":"\u00dasp\u011bch i na dal\u0161\u00ed poh\u00e1rov\u00e9 zast\u00e1vce"},"content":{"rendered":"\n<p>P\u0159ed rokem n\u00e1s bylo v&nbsp;\u010cerven\u00e9m Kostelci dvan\u00e1ct. Letos jsme plavali v&nbsp;patn\u00e1cti lidech (rem\u00edza s&nbsp;Hanou, ale bodov\u011b to vyzn\u00ed ur\u010dit\u011b pro n\u00e1s). Ta dvan\u00e1ctka n\u00e1m ale z\u016fstala, tolik n\u00e1s bylo v\u010dera na kilometru.<\/p>\n\n\n\n<p>Chyb\u011bla lo\u0148sk\u00e1 v\u00edt\u011bzka Magda, kterou t\u00e9m\u011b\u0159 adekv\u00e1tn\u011b \u010dtvrt\u00fdm m\u00edstem nahradila Nat\u00e1lka. T\u00e1ta Jarom\u00edr byl p\u00e1t\u00fd. Lo\u0148sk\u00e9 t\u0159et\u00ed m\u00edsto si zopakoval Michal (Slanina, Moravec si zopakoval vrchn\u00edho rozhod\u010d\u00edho), 14. jako loni byl Radek a 18. m\u00edsto zopakoval n\u00e1\u010deln\u00edk, kter\u00fd ve druh\u00e9 polovin\u011b zadr\u017een\u00e9ho z\u00e1vodu p\u0159edplaval \u0161est soupe\u0159\u016f. Nicm\u00e9n\u011b z\u016fstal i jeho 90 vte\u0159inov\u00fd odstup na Radka.<\/p>\n\n\n\n<!--more-->\n\n\n\n<p>Novicka Eva n\u00e1m po\u0159\u00e1d d\u016fv\u011b\u0159uje a zjistila, \u017ee v&nbsp;z\u00e1vod\u011b nen\u00ed \u010das na pocity tolik, jako na tr\u00e9ninku. Doplavala op\u011bt v&nbsp;prvn\u00ed des\u00edtce, hned za n\u00ed Jarmila a za Jarmilou na 12. m\u00edst\u011b Jana. Hanka ve t\u0159et\u00ed kilometrov\u00e9 rozplavb\u011b po v\u00fdborn\u00e9m v\u00fdkonu byla celkov\u011b patn\u00e1ct\u00e1. Helenka se z&nbsp;kilometru tradi\u010dn\u011b odhla\u0161ovala u\u017e n\u011bkde za Rohlenkou. Tak\u00e9 v\u010dera ten kilometr nakonec v&nbsp;pohod\u011b zvl\u00e1dla a v&nbsp;kategorii 60 \u2013 69 let m\u00e1me na stup\u00ednku zat\u00edm kompletn\u00ed slavkovskou sestavu.<\/p>\n\n\n\n<p>Vla\u010fka m\u00ed\u0159\u00ed po dal\u0161\u00ed \u00fasp\u011b\u0161n\u00e9 \u201e750\u201c za v\u00fdhrou v&nbsp;kategorii. Kategori\u00ed vedeme dokonce sedm, Praha jenom dv\u011b, nebude to tak ale po\u0159\u00e1d\u2026 Lubo\u0161 byl \u010dtvrt\u00fd na 750, kilometr by zvl\u00e1dl asi jako La\u010fa. Mat\u011bj byl na p\u011btistovce t\u0159et\u00ed a p\u00f3dium ho taky nemine, nav\u00edc bude junior je\u0161t\u011b dva roky.<\/p>\n\n\n\n<p>P\u0159i vyhl\u00e1\u0161en\u00ed na konci sobotn\u00ed sout\u011b\u017ee dostali putovn\u00ed poh\u00e1ry absolutn\u00ed v\u00edt\u011bzov\u00e9 \u010cesk\u00e9ho poh\u00e1ru za sez\u00f3nu 2021\/22. Se sedmim\u011bs\u00ed\u010dn\u00edm zpo\u017ed\u011bn\u00edm. Pokrok se ned\u00e1 zastavit\u2026 \u00a0\u00a0\u00a0\u00a0\u00a0\u00a0\u00a0\u00a0\u00a0\u00a0\u00a0\u00a0<\/p>\n\n\n\n<p>Petr<\/p>\n","protected":false},"excerpt":{"rendered":"<p>P\u0159ed rokem n\u00e1s bylo v&nbsp;\u010cerven\u00e9m Kostelci dvan\u00e1ct. Letos jsme plavali v&nbsp;patn\u00e1cti lidech (rem\u00edza s&nbsp;Hanou, ale bodov\u011b to vyzn\u00ed ur\u010dit\u011b pro n\u00e1s). Ta dvan\u00e1ctka n\u00e1m ale z\u016fstala, tolik n\u00e1s bylo v\u010dera na kilometru. Chyb\u011bla lo\u0148sk\u00e1 v\u00edt\u011bzka Magda, kterou t\u00e9m\u011b\u0159 adekv\u00e1tn\u011b \u010dtvrt\u00fdm m\u00edstem nahradila Nat\u00e1lka. T\u00e1ta Jarom\u00edr byl p\u00e1t\u00fd. Lo\u0148sk\u00e9 t\u0159et\u00ed m\u00edsto si zopakoval Michal (Slanina, Moravec &hellip; <a href=\"https:\/\/www.otuzilci-brno.cz\/?p=6767\" class=\"more-link\">Pokra\u010dovat ve \u010dten\u00ed<span class=\"screen-reader-text\"> &#8222;\u00dasp\u011bch i na dal\u0161\u00ed poh\u00e1rov\u00e9 zast\u00e1vce&#8220;<\/span><\/a><\/p>\n","protected":false},"author":187,"featured_media":6768,"comment_status":"closed","ping_status":"closed","sticky":false,"template":"","format":"standard","meta":{"ngg_post_thumbnail":0,"footnotes":""},"categories":[3],"tags":[],"class_list":["post-6767","post","type-post","status-publish","format-standard","has-post-thumbnail","hentry","category-zavody"],"_links":{"self":[{"href":"https:\/\/www.otuzilci-brno.cz\/index.php?rest_route=\/wp\/v2\/posts\/6767","targetHints":{"allow":["GET"]}}],"collection":[{"href":"https:\/\/www.otuzilci-brno.cz\/index.php?rest_route=\/wp\/v2\/posts"}],"about":[{"href":"https:\/\/www.otuzilci-brno.cz\/index.php?rest_route=\/wp\/v2\/types\/post"}],"author":[{"embeddable":true,"href":"https:\/\/www.otuzilci-brno.cz\/index.php?rest_route=\/wp\/v2\/users\/187"}],"replies":[{"embeddable":true,"href":"https:\/\/www.otuzilci-brno.cz\/index.php?rest_route=%2Fwp%2Fv2%2Fcomments&post=6767"}],"version-history":[{"count":1,"href":"https:\/\/www.otuzilci-brno.cz\/index.php?rest_route=\/wp\/v2\/posts\/6767\/revisions"}],"predecessor-version":[{"id":6769,"href":"https:\/\/www.otuzilci-brno.cz\/index.php?rest_route=\/wp\/v2\/posts\/6767\/revisions\/6769"}],"wp:featuredmedia":[{"embeddable":true,"href":"https:\/\/www.otuzilci-brno.cz\/index.php?rest_route=\/wp\/v2\/media\/6768"}],"wp:attachment":[{"href":"https:\/\/www.otuzilci-brno.cz\/index.php?rest_route=%2Fwp%2Fv2%2Fmedia&parent=6767"}],"wp:term":[{"taxonomy":"category","embeddable":true,"href":"https:\/\/www.otuzilci-brno.cz\/index.php?rest_route=%2Fwp%2Fv2%2Fcategories&post=6767"},{"taxonomy":"post_tag","embeddable":true,"href":"https:\/\/www.otuzilci-brno.cz\/index.php?rest_route=%2Fwp%2Fv2%2Ftags&post=6767"}],"curies":[{"name":"wp","href":"https:\/\/api.w.org\/{rel}","templated":true}]}}